{"id":508,"date":"2022-12-09T08:28:14","date_gmt":"2022-12-09T07:28:14","guid":{"rendered":"https:\/\/svn.schachvereine.de\/wp6\/?p=508"},"modified":"2022-12-09T08:28:14","modified_gmt":"2022-12-09T07:28:14","slug":"trauer-um-kurt-welser","status":"publish","type":"post","link":"https:\/\/svn.schachvereine.de\/wp6\/trauer-um-kurt-welser\/","title":{"rendered":"Trauer um Kurt Welser"},"content":{"rendered":"<p align=\"CENTER\"><span style=\"color: #000000;\"><span style=\"font-family: Courier New, serif;\"><span style=\"font-size: small;\"><span style=\"font-family: Arial, serif;\"><span style=\"font-size: medium;\">Der Schachverein N\u00fcrtingen 1920 e.V.<\/span><\/span><\/span><\/span><\/span><\/p>\n<p align=\"CENTER\"><span style=\"color: #000000;\"><span style=\"font-family: Courier New, serif;\"><span style=\"font-size: small;\"><span style=\"font-family: Arial, serif;\"><span style=\"font-size: medium;\">trauert um sein Ehrenmitglied<\/span><\/span><\/span><\/span><\/span><\/p>\n<p align=\"CENTER\"><span style=\"color: #000000;\"> <span style=\"font-family: Courier New, serif;\"><span style=\"font-size: small;\"><span style=\"font-family: Arial, serif;\"><span style=\"font-size: medium;\"><b>Kurt Welser<\/b><\/span><\/span><\/span><\/span><\/span><\/p>\n<p><span style=\"color: #000000;\"><span style=\"font-family: Courier New, serif;\"><span style=\"font-size: small;\"><span style=\"font-family: Arial, serif;\"><span style=\"font-size: medium;\">der am Sonntag, 04.12.2022, im Alter von 82 Jahren verstorben ist. <\/span><\/span><\/span><\/span><\/span><\/p>\n<p><a name=\"_GoBack\"><\/a> <span style=\"color: #000000;\"><span style=\"font-family: Courier New, serif;\"><span style=\"font-size: small;\"><span style=\"font-family: Arial, serif;\"><span style=\"font-size: medium;\">Kurt Welser kam als 15-j\u00e4hriger Jugendlicher 1955 zum Schachverein N\u00fcrtingen und war aktuell unser &#8222;dienst\u00e4ltestes&#8220; Mitglied. In den 67 Jahren seiner Mitgliedschaft war er lange Jahre einer unserer besten Spieler. Ein Schachspieler, der eng mit dem N\u00fcrtinger Verein verbunden war und den Schachverein nach au\u00dfen \u2013 auch wenn er mal verlor &#8211; immer als fairer Sportsmann repr\u00e4sentierte.<\/span><\/span><\/span><\/span><\/span><\/p>\n<p><span style=\"color: #000000;\"><span style=\"font-family: Arial, serif;\"><span style=\"font-size: medium;\">Kurt liebte das Schachspiel und Kurt war ein K\u00e4mpfer. Er stellte immer hohe Anforderungen an sich selbst, er spielte nicht f\u00fcr ein schnelles Remis, er spielte, weil er gerne spielte und weil er f\u00fcr seine Mannschaft das Beste herausholen wollte. Oft haben wir uns auf ihn verlassen und oft hat er \u201edie Kohlen aus dem Feuer geholt\u201c und war dann mit sich zufrieden.<\/span><\/span><\/span><\/p>\n<p><span style=\"color: #000000;\"><span style=\"font-family: Courier New, serif;\"><span style=\"font-size: small;\"><span style=\"font-family: Arial, serif;\"><span style=\"font-size: medium;\">Au\u00dferhalb des aktiven Schachspiels \u2013 wenn ein Vorstandsamt zu besetzen war und sich partout kein Freiwilliger fand \u2013 lie\u00df er sich breitschlagen und war lange Jahre als Kassier und auch einige Jahre als Vorsitzender des Vereins t\u00e4tig. Er tat es dem Verein zuliebe, nicht weil er nach einem Amt strebte. Und immer war Verlass auf ihn.<\/span><\/span><\/span><\/span><\/span><\/p>\n<p><span style=\"color: #000000;\"><span style=\"font-family: Arial, serif;\"><span style=\"font-size: medium;\">Gesundheitsbedingt hatte er seinen letzten Einsatz f\u00fcr den SV N\u00fcrtingen am 24.04.2016. Aber auch danach und als er merkte, dass seine schachliche Leistung schlechter wurde &#8211; was ihm zu schaffen machte &#8211; tat das seiner Liebe zum Schach keinen Abbruch und er versuchte privat, noch so viel wie m\u00f6glich zu spielen. <\/span><\/span><\/span><\/p>\n<p><span style=\"color: #000000;\"><span style=\"font-family: Arial, serif;\"><span style=\"font-size: medium;\">Kurt war immer ein K\u00e4mpfer. Seinen letzten Kampf hat er am Sonntag verloren. <\/span><\/span><\/span><span style=\"font-family: Arial, serif;\"><span style=\"font-size: medium;\">Wir werden gerne an die gemeinsame Zeit mit ihm und an das was der Schachverein N\u00fcrtingen ihm zu verdanken hat, zur\u00fcckdenken!<\/span><\/span><\/p>\n<p><span style=\"color: #000000;\"><span style=\"font-family: Courier New, serif;\"><span style=\"font-size: small;\"><span style=\"font-family: Arial, serif;\"><span style=\"font-size: medium;\">Wolfgang Kudlich<\/span><\/span><\/span><\/span><\/span><\/p>\n<p><span style=\"color: #000000;\"><span style=\"font-family: Courier New, serif;\"><span style=\"font-size: small;\"><span style=\"font-family: Arial, serif;\"><span style=\"font-size: medium;\">f\u00fcr den Vorstand des SV N\u00fcrtingen 1920 e.V.<\/span><\/span><\/span><\/span><\/span><\/p>\n","protected":false},"excerpt":{"rendered":"<p>Der Schachverein N\u00fcrtingen 1920 e.V. trauert um sein Ehrenmitglied Kurt Welser der am Sonntag, 04.12.2022, im Alter von 82 Jahren verstorben ist. Kurt Welser kam als 15-j\u00e4hriger Jugendlicher 1955 zum Schachverein N\u00fcrtingen und war aktuell unser &#8222;dienst\u00e4ltestes&#8220; Mitglied. In den 67 Jahren seiner Mitgliedschaft war er lange Jahre einer unserer besten Spieler. Ein Schachspieler, der &hellip; <a href=\"https:\/\/svn.schachvereine.de\/wp6\/trauer-um-kurt-welser\/\" class=\"more-link\"><span class=\"screen-reader-text\">Trauer um Kurt Welser<\/span> weiterlesen <span class=\"meta-nav\">&rarr;<\/span><\/a><\/p>\n","protected":false},"author":5,"featured_media":0,"comment_status":"open","ping_status":"open","sticky":false,"template":"","format":"standard","meta":{"footnotes":""},"categories":[1],"tags":[],"class_list":["post-508","post","type-post","status-publish","format-standard","hentry","category-allgemeine-informationen"],"_links":{"self":[{"href":"https:\/\/svn.schachvereine.de\/wp6\/wp-json\/wp\/v2\/posts\/508","targetHints":{"allow":["GET"]}}],"collection":[{"href":"https:\/\/svn.schachvereine.de\/wp6\/wp-json\/wp\/v2\/posts"}],"about":[{"href":"https:\/\/svn.schachvereine.de\/wp6\/wp-json\/wp\/v2\/types\/post"}],"author":[{"embeddable":true,"href":"https:\/\/svn.schachvereine.de\/wp6\/wp-json\/wp\/v2\/users\/5"}],"replies":[{"embeddable":true,"href":"https:\/\/svn.schachvereine.de\/wp6\/wp-json\/wp\/v2\/comments?post=508"}],"version-history":[{"count":0,"href":"https:\/\/svn.schachvereine.de\/wp6\/wp-json\/wp\/v2\/posts\/508\/revisions"}],"wp:attachment":[{"href":"https:\/\/svn.schachvereine.de\/wp6\/wp-json\/wp\/v2\/media?parent=508"}],"wp:term":[{"taxonomy":"category","embeddable":true,"href":"https:\/\/svn.schachvereine.de\/wp6\/wp-json\/wp\/v2\/categories?post=508"},{"taxonomy":"post_tag","embeddable":true,"href":"https:\/\/svn.schachvereine.de\/wp6\/wp-json\/wp\/v2\/tags?post=508"}],"curies":[{"name":"wp","href":"https:\/\/api.w.org\/{rel}","templated":true}]}}