{"id":646,"date":"2023-04-08T14:31:24","date_gmt":"2023-04-08T12:31:24","guid":{"rendered":"https:\/\/svn.schachvereine.de\/wp6\/?p=646"},"modified":"2023-05-14T00:28:44","modified_gmt":"2023-05-13T22:28:44","slug":"nuertingen-entfuehrt-beide-punkte-aus-ulm","status":"publish","type":"post","link":"https:\/\/svn.schachvereine.de\/wp6\/nuertingen-entfuehrt-beide-punkte-aus-ulm\/","title":{"rendered":"N\u00fcrtingen entf\u00fchrt beide Punkte aus Ulm"},"content":{"rendered":"<p><span style=\"font-family: Arial, sans-serif;\"><b>Sp\u00e4t aber nicht zu sp\u00e4t kommt N\u00fcrtingen in Schwung. Nach dem dritten Sieg hintereinander (immer gegen den Tabellenzweiten) ist der Klassenerhalt nach dem 5:3 in Ulm wohl geschafft. Wernau muss nach der dritten Niederlage hintereinander trotz ausgeglichenem Punktekonto aber pl\u00f6tzlich zittern. <\/b><\/span><\/p>\n<p><span style=\"font-family: Arial, sans-serif;\"><b>Verbandsliga<\/b><\/span><\/p>\n<p><span style=\"font-family: Arial, sans-serif;\">Jetzt l\u00e4uft es bei der N\u00fcrtinger Ersten. Zum dritten Mal hintereinander wurde der Tabellenzweite geschlagen. Diesmal musste Ulm daran glauben und m\u00f6gliche Aufstiegsambitionen begraben. Nach zwei schnellen Remispartien von Arnd Schwarz und Bernhard Weigand willigte auch Sascha Mareck nach seinem Figuren-Scheinopfer in eine Punkteteilung durch Dauerschach ein, obwohl er ein f\u00fcr ihn vorteilhaftes Endspiel h\u00e4tte erreichen k\u00f6nnen. Dann aber doch die N\u00fcrtinger F\u00fchrung durch Gerd Aring, der seinen Gegner \u00fcberspielte. Ziemlich chancenlos ging dann die Partie von Wolfgang Kudlich zum Ausgleich an die Ulmer. Trotzdem blieben die G\u00e4ste auf der Siegerstra\u00dfe, nachdem Claudius Mehne &#8211; nach einhelliger Meinung in der besten Partie des Tages &#8211; siegreich blieb und Klaus Templins Gegner mit seinem Figurenopfer zwar grunds\u00e4tzlich richtig lag, sich aber f\u00fcr die falsche Fortsetzung entschied. Nach einem weiteren Remis von Stefan Auch tauschte Templin Turm und Dame des Gegners ab und brauchte mit Figurenplus nur noch auf die Aufgabe seines Kontrahenten zu warten. Theoretisch k\u00f6nnte es in dieser Saison \u2013 abh\u00e4ngig von der Oberliga \u2013 noch vier Absteiger aus der Verbandsliga geben und auch N\u00fcrtingen noch erwischen, aber mit dem 5:3 in Ulm hat man den gr\u00f6\u00dften Schritt in Richtung Klassenerhalt in einer total verr\u00fcckten Saison genommen.<\/span><\/p>\n<p><span style=\"font-family: Arial, sans-serif;\">Schlechter sieht es f\u00fcr Wernau nach der dritten Niederlage in Folge aus. Urspr\u00fcnglich mit recht guten Aufstiegschancen im Rennen, unterlag man jetzt Tabellenf\u00fchrer Langenau deutlich mit 2:6 und muss nun pl\u00f6tzlich trotz ausgeglichenem Punktekonto um den Klassenerhalt bangen. Nach einem schnellen Remis von Wilhelm Haas ging Brett 6 im Turmendspiel an die Langenauer. Mit dem einzigen Tagessieg f\u00fcr die Gastgeber glich Alexander Marquardt nach sch\u00f6nem K\u00f6nigsangriff aus. Danach ging f\u00fcr die Wernauer nicht mehr viel. Lediglich Alexander Naumann sorgte mit seiner Punkteteilung noch f\u00fcr etwas Positives. Trotz Qualit\u00e4tsnachteil (Springer gegen Turm) hielt er die Partie mit Dauerschach durch die Dame remis. Die restlichen Partien gingen an die G\u00e4ste, die nach dem 6:2 jetzt die besten Aufstiegschancen haben. Wernau braucht am letzten Spieltag in Mengen noch etwas Z\u00e4hlbares oder Sch\u00fctzenhilfe anderer Teams, sonst droht der Abstieg in die Landesliga.(WK)<\/span><\/p>\n<p>&nbsp;<\/p>\n<p><span style=\"font-family: Arial, sans-serif;\"><b>SC Wei\u00dfe Dame Ulm &#8211; SV N\u00fcrtingen 3:5<\/b><\/span><\/p>\n<p><span style=\"font-family: Arial, sans-serif;\">Fleischer \u2013 Weigand 0,5:0,5, Bildt &#8211; Mehne 0:1, Weber \u2013 Mareck 0,5:0,5, Portnov &#8211; Schwarz 0,5:0,5, Berning &#8211; Aring 0:1, Heinrich &#8211; Auch 0,5:0,5, Wolf &#8211; Templin 0:1, Kill &#8211; Kudlich 1:0<\/span><\/p>\n<p><span style=\"font-family: Arial, sans-serif;\"><b>SK Wernau \u2013 TSV Langenau 2:6<\/b><\/span><\/p>\n<p><span style=\"font-family: Arial, sans-serif;\">Gheng \u2013 Schlais 0:1, Naumann \u2013 H\u00f6rsch 0,5:0,5, Haas \u2013 Wutzke 0,5:0,5, Marquardt \u2013 Stork 1:0, Wiesner \u2013 Beck 0:1, Stegm\u00fcller \u2013 Gerstberger 0:1, S.Yildiz \u2013 Erler 0:1, Boceck \u2013 Lachmayer 0:1<\/span><\/p>\n","protected":false},"excerpt":{"rendered":"<p>Sp\u00e4t aber nicht zu sp\u00e4t kommt N\u00fcrtingen in Schwung. Nach dem dritten Sieg hintereinander (immer gegen den Tabellenzweiten) ist der Klassenerhalt nach dem 5:3 in Ulm wohl geschafft. Wernau muss nach der dritten Niederlage hintereinander trotz ausgeglichenem Punktekonto aber pl\u00f6tzlich zittern. Verbandsliga Jetzt l\u00e4uft es bei der N\u00fcrtinger Ersten. Zum dritten Mal hintereinander wurde der &hellip; <a href=\"https:\/\/svn.schachvereine.de\/wp6\/nuertingen-entfuehrt-beide-punkte-aus-ulm\/\" class=\"more-link\"><span class=\"screen-reader-text\">N\u00fcrtingen entf\u00fchrt beide Punkte aus Ulm<\/span> weiterlesen <span class=\"meta-nav\">&rarr;<\/span><\/a><\/p>\n","protected":false},"author":5,"featured_media":0,"comment_status":"open","ping_status":"open","sticky":false,"template":"","format":"standard","meta":{"footnotes":""},"categories":[14],"tags":[],"class_list":["post-646","post","type-post","status-publish","format-standard","hentry","category-spielberichte-1-mannschaft"],"_links":{"self":[{"href":"https:\/\/svn.schachvereine.de\/wp6\/wp-json\/wp\/v2\/posts\/646","targetHints":{"allow":["GET"]}}],"collection":[{"href":"https:\/\/svn.schachvereine.de\/wp6\/wp-json\/wp\/v2\/posts"}],"about":[{"href":"https:\/\/svn.schachvereine.de\/wp6\/wp-json\/wp\/v2\/types\/post"}],"author":[{"embeddable":true,"href":"https:\/\/svn.schachvereine.de\/wp6\/wp-json\/wp\/v2\/users\/5"}],"replies":[{"embeddable":true,"href":"https:\/\/svn.schachvereine.de\/wp6\/wp-json\/wp\/v2\/comments?post=646"}],"version-history":[{"count":0,"href":"https:\/\/svn.schachvereine.de\/wp6\/wp-json\/wp\/v2\/posts\/646\/revisions"}],"wp:attachment":[{"href":"https:\/\/svn.schachvereine.de\/wp6\/wp-json\/wp\/v2\/media?parent=646"}],"wp:term":[{"taxonomy":"category","embeddable":true,"href":"https:\/\/svn.schachvereine.de\/wp6\/wp-json\/wp\/v2\/categories?post=646"},{"taxonomy":"post_tag","embeddable":true,"href":"https:\/\/svn.schachvereine.de\/wp6\/wp-json\/wp\/v2\/tags?post=646"}],"curies":[{"name":"wp","href":"https:\/\/api.w.org\/{rel}","templated":true}]}}